{"id":1054,"date":"2022-07-21T10:50:49","date_gmt":"2022-07-21T08:50:49","guid":{"rendered":"https:\/\/transylvanian-wood-pastures.eu\/?p=1054"},"modified":"2022-07-21T10:50:49","modified_gmt":"2022-07-21T08:50:49","slug":"a-breite-az-elso-film-online-van","status":"publish","type":"post","link":"https:\/\/transylvanian-wood-pastures.eu\/hu\/2022\/07\/21\/a-breite-az-elso-film-online-van\/","title":{"rendered":"A \u201eBreite\u201d \u2013 az els\u0151 film online van"},"content":{"rendered":"<p>Megjelent az els\u0151 film az \u00faj Youtube csatorn\u00e1nkon. Sorozatunk, amelyben bemutatjuk az \u00f6sszes \u00e1ltalunk megl\u00e1togatott f\u00e1slegel\u0151 elhelyezked\u00e9s\u00e9t \u00e9s szerkezet\u00e9t, a 133 hekt\u00e1ros \u201eBreite\u201d f\u00e1slegel\u0151vel indul. A gazdag t\u00f6rt\u00e9nelm\u0171 Segesv\u00e1r k\u00f6zel\u00e9ben tal\u00e1lhat\u00f3, \u00e9s a v\u00e1ros kult\u00fart\u00f6rt\u00e9neti-\u00f6kol\u00f3giai kiterjeszt\u00e9s\u00e9nek is tekinthet\u0151. Ezen a f\u00e1slegel\u0151n a legt\u00f6bb t\u00f6lgy 200 \u00e9vn\u00e9l is t\u00f6bbet \u00e9lt meg, a legid\u0151sebb pedig meghaladja az 500 \u00e9ves kort. Biodiverzit\u00e1s szempontj\u00e1b\u00f3l a \u201eBreite\u201d Erd\u00e9ly egyik legjobban dokument\u00e1lt f\u00e1slegel\u0151je: t\u00f6bb mint 400 magasabb rend\u0171 n\u00f6v\u00e9nyfajnak, 100 gombafajnak, 250 lepkefajnak; \u00e9s 40 bog\u00e1rfajnak, 27 f\u00e9szkel\u0151 mad\u00e1rfajnak \u00e9s 38 eml\u0151sfajnak (k\u00f6zt\u00fck a sz\u00fcrke farkasnak \u00e9s a barnamedv\u00e9nek is) otthont ad.<\/p>\n<div class=\"ast-oembed-container \" style=\"height: 100%;\"><iframe title=\"&quot;Breite&quot; wood-pasture\" width=\"500\" height=\"281\" src=\"https:\/\/www.youtube.com\/embed\/mpGS0ytmjuk?feature=oembed\" frameborder=\"0\" allow=\"accelerometer; autoplay; clipboard-write; encrypted-media; gyroscope; picture-in-picture; web-share\" referrerpolicy=\"strict-origin-when-cross-origin\" allowfullscreen><\/iframe><\/div>\n","protected":false},"excerpt":{"rendered":"<p>Megjelent az els\u0151 film az \u00faj Youtube csatorn\u00e1nkon. Sorozatunk, amelyben bemutatjuk az \u00f6sszes \u00e1ltalunk megl\u00e1togatott f\u00e1slegel\u0151 elhelyezked\u00e9s\u00e9t \u00e9s szerkezet\u00e9t, a 133 hekt\u00e1ros \u201eBreite\u201d f\u00e1slegel\u0151vel indul. [&hellip;]<\/p>\n","protected":false},"author":4,"featured_media":0,"comment_status":"closed","ping_status":"closed","sticky":false,"template":"","format":"standard","meta":{"site-sidebar-layout":"default","site-content-layout":"default","ast-site-content-layout":"default","site-content-style":"default","site-sidebar-style":"default","ast-global-header-display":"","ast-banner-title-visibility":"","ast-main-header-display":"","ast-hfb-above-header-display":"","ast-hfb-below-header-display":"","ast-hfb-mobile-header-display":"","site-post-title":"","ast-breadcrumbs-content":"","ast-featured-img":"","footer-sml-layout":"","ast-disable-related-posts":"","theme-transparent-header-meta":"default","adv-header-id-meta":"","stick-header-meta":"default","header-above-stick-meta":"","header-main-stick-meta":"","header-below-stick-meta":"","astra-migrate-meta-layouts":"default","ast-page-background-enabled":"default","ast-page-background-meta":{"desktop":{"background-color":"var(--ast-global-color-4)","background-image":"","background-repeat":"repeat","background-position":"center center","background-size":"auto","background-attachment":"scroll","background-type":"","background-media":"","overlay-type":"","overlay-color":"","overlay-opacity":"","overlay-gradient":""},"tablet":{"background-color":"","background-image":"","background-repeat":"repeat","background-position":"center center","background-size":"auto","background-attachment":"scroll","background-type":"","background-media":"","overlay-type":"","overlay-color":"","overlay-opacity":"","overlay-gradient":""},"mobile":{"background-color":"","background-image":"","background-repeat":"repeat","background-position":"center center","background-size":"auto","background-attachment":"scroll","background-type":"","background-media":"","overlay-type":"","overlay-color":"","overlay-opacity":"","overlay-gradient":""}},"ast-content-background-meta":{"desktop":{"background-color":"var(--ast-global-color-5)","background-image":"","background-repeat":"repeat","background-position":"center center","background-size":"auto","background-attachment":"scroll","background-type":"","background-media":"","overlay-type":"","overlay-color":"","overlay-opacity":"","overlay-gradient":""},"tablet":{"background-color":"var(--ast-global-color-5)","background-image":"","background-repeat":"repeat","background-position":"center center","background-size":"auto","background-attachment":"scroll","background-type":"","background-media":"","overlay-type":"","overlay-color":"","overlay-opacity":"","overlay-gradient":""},"mobile":{"background-color":"var(--ast-global-color-5)","background-image":"","background-repeat":"repeat","background-position":"center center","background-size":"auto","background-attachment":"scroll","background-type":"","background-media":"","overlay-type":"","overlay-color":"","overlay-opacity":"","overlay-gradient":""}},"footnotes":""},"categories":[33],"tags":[],"class_list":["post-1054","post","type-post","status-publish","format-standard","hentry","category-uncategorized-hu"],"_links":{"self":[{"href":"https:\/\/transylvanian-wood-pastures.eu\/hu\/wp-json\/wp\/v2\/posts\/1054","targetHints":{"allow":["GET"]}}],"collection":[{"href":"https:\/\/transylvanian-wood-pastures.eu\/hu\/wp-json\/wp\/v2\/posts"}],"about":[{"href":"https:\/\/transylvanian-wood-pastures.eu\/hu\/wp-json\/wp\/v2\/types\/post"}],"author":[{"embeddable":true,"href":"https:\/\/transylvanian-wood-pastures.eu\/hu\/wp-json\/wp\/v2\/users\/4"}],"replies":[{"embeddable":true,"href":"https:\/\/transylvanian-wood-pastures.eu\/hu\/wp-json\/wp\/v2\/comments?post=1054"}],"version-history":[{"count":2,"href":"https:\/\/transylvanian-wood-pastures.eu\/hu\/wp-json\/wp\/v2\/posts\/1054\/revisions"}],"predecessor-version":[{"id":1056,"href":"https:\/\/transylvanian-wood-pastures.eu\/hu\/wp-json\/wp\/v2\/posts\/1054\/revisions\/1056"}],"wp:attachment":[{"href":"https:\/\/transylvanian-wood-pastures.eu\/hu\/wp-json\/wp\/v2\/media?parent=1054"}],"wp:term":[{"taxonomy":"category","embeddable":true,"href":"https:\/\/transylvanian-wood-pastures.eu\/hu\/wp-json\/wp\/v2\/categories?post=1054"},{"taxonomy":"post_tag","embeddable":true,"href":"https:\/\/transylvanian-wood-pastures.eu\/hu\/wp-json\/wp\/v2\/tags?post=1054"}],"curies":[{"name":"wp","href":"https:\/\/api.w.org\/{rel}","templated":true}]}}